{"id":198,"date":"2020-07-28T08:40:55","date_gmt":"2020-07-28T07:40:55","guid":{"rendered":"https:\/\/lnx.wolfpacknet.com\/nerdopolis\/?p=198"},"modified":"2020-07-28T07:26:53","modified_gmt":"2020-07-28T06:26:53","slug":"the-witcher-ancora-ritardi","status":"publish","type":"post","link":"https:\/\/lnx.wolfpacknet.com\/nerdopolis\/2020\/07\/28\/the-witcher-ancora-ritardi\/","title":{"rendered":"THE WITCHER &#8211; ANCORA RITARDI"},"content":{"rendered":"<p>Per tutti quelli che stanno aspettando con impazienza la data di uscita della seconda stagione di <strong>The Witcher<\/strong>, purtroppo ancora non si sa niente di ufficiale se non che \u00e8 prevista per il 2021, anche se, mettendo insieme notizie e indiscrezioni ufficiali, si pu\u00f2 dire con assoluta certezza che si parla della seconda met\u00e0 dell&#8217;anno.<\/p>\n<p>Infatti, la serie ha subito gravi ritardi dovuti all&#8217;emergenza Covid-19 e in questo momento \u00e8 in corso il lavoro di pre-produzione, il prossimo 17 agosto il cast si riunir\u00e0 per iniziare le riprese che dureranno fino a febbraio 2021, come confermato sia da <strong>Netflix<\/strong> che da <strong>Redanian Intelligence<\/strong>.<\/p>\n<p>Se facciamo un confronto con la produzione della prima stagione e teniamo conto che la <strong>Platige Imag<\/strong>e, che cura gli effetti visivi, ha dichiarato che finir\u00e0 i lavori entro luglio 2021, \u00e8 quindi certo che non vedremo la seconda stagione prima di agosto 2021 nella pi\u00f9 rosea delle ipotesi.<\/p>\n<p>Quindi mettiamoci l&#8217;anima in pace perch\u00e9 dovremo attendere ancora un anno prima di vedere le nuove avventure di <strong>Geralt di Rivia<\/strong>.<\/p>\n<p><img loading=\"lazy\" class=\"aligncenter size-large wp-image-202\" src=\"https:\/\/lnx.wolfpacknet.com\/nerdopolis\/wp-content\/uploads\/2020\/07\/i-capelli-geralt-the-witcher-frutto-arduo-lavoro-innumerevoli-tentativi-v4-420519-1280x720-1-1024x576.jpg\" alt=\"\" width=\"640\" height=\"360\" srcset=\"https:\/\/lnx.wolfpacknet.com\/nerdopolis\/wp-content\/uploads\/2020\/07\/i-capelli-geralt-the-witcher-frutto-arduo-lavoro-innumerevoli-tentativi-v4-420519-1280x720-1-1024x576.jpg 1024w, https:\/\/lnx.wolfpacknet.com\/nerdopolis\/wp-content\/uploads\/2020\/07\/i-capelli-geralt-the-witcher-frutto-arduo-lavoro-innumerevoli-tentativi-v4-420519-1280x720-1-300x169.jpg 300w, https:\/\/lnx.wolfpacknet.com\/nerdopolis\/wp-content\/uploads\/2020\/07\/i-capelli-geralt-the-witcher-frutto-arduo-lavoro-innumerevoli-tentativi-v4-420519-1280x720-1-768x432.jpg 768w, https:\/\/lnx.wolfpacknet.com\/nerdopolis\/wp-content\/uploads\/2020\/07\/i-capelli-geralt-the-witcher-frutto-arduo-lavoro-innumerevoli-tentativi-v4-420519-1280x720-1-480x270.jpg 480w, https:\/\/lnx.wolfpacknet.com\/nerdopolis\/wp-content\/uploads\/2020\/07\/i-capelli-geralt-the-witcher-frutto-arduo-lavoro-innumerevoli-tentativi-v4-420519-1280x720-1.jpg 1280w\" sizes=\"(max-width: 640px) 100vw, 640px\" \/><\/p>\n<p>&nbsp;<\/p>\n<p>&nbsp;<\/p>\n","protected":false},"excerpt":{"rendered":"<p>Per tutti quelli che stanno aspettando con impazienza la data di uscita della seconda stagione di The Witcher, purtroppo ancora non si sa niente di ufficiale se non che \u00e8 prevista per il 2021, anche se, mettendo insieme notizie e indiscrezioni ufficiali, si pu\u00f2 dire con assoluta certezza che si parla della seconda met\u00e0 dell&#8217;anno. Infatti, la serie ha subito gravi ritardi dovuti all&#8217;emergenza Covid-19 e in questo momento \u00e8 in corso il lavoro di pre-produzione, il prossimo 17 agosto&#8230;<\/p>\n<p class=\"read-more\"><a class=\"btn btn-default\" href=\"https:\/\/lnx.wolfpacknet.com\/nerdopolis\/2020\/07\/28\/the-witcher-ancora-ritardi\/\">Leggi tutto<span class=\"screen-reader-text\"> Leggi tutto<\/span><\/a><\/p>\n","protected":false},"author":1,"featured_media":199,"comment_status":"open","ping_status":"open","sticky":false,"template":"","format":"standard","meta":[],"categories":[7],"tags":[],"_links":{"self":[{"href":"https:\/\/lnx.wolfpacknet.com\/nerdopolis\/wp-json\/wp\/v2\/posts\/198"}],"collection":[{"href":"https:\/\/lnx.wolfpacknet.com\/nerdopolis\/wp-json\/wp\/v2\/posts"}],"about":[{"href":"https:\/\/lnx.wolfpacknet.com\/nerdopolis\/wp-json\/wp\/v2\/types\/post"}],"author":[{"embeddable":true,"href":"https:\/\/lnx.wolfpacknet.com\/nerdopolis\/wp-json\/wp\/v2\/users\/1"}],"replies":[{"embeddable":true,"href":"https:\/\/lnx.wolfpacknet.com\/nerdopolis\/wp-json\/wp\/v2\/comments?post=198"}],"version-history":[{"count":3,"href":"https:\/\/lnx.wolfpacknet.com\/nerdopolis\/wp-json\/wp\/v2\/posts\/198\/revisions"}],"predecessor-version":[{"id":203,"href":"https:\/\/lnx.wolfpacknet.com\/nerdopolis\/wp-json\/wp\/v2\/posts\/198\/revisions\/203"}],"wp:featuredmedia":[{"embeddable":true,"href":"https:\/\/lnx.wolfpacknet.com\/nerdopolis\/wp-json\/wp\/v2\/media\/199"}],"wp:attachment":[{"href":"https:\/\/lnx.wolfpacknet.com\/nerdopolis\/wp-json\/wp\/v2\/media?parent=198"}],"wp:term":[{"taxonomy":"category","embeddable":true,"href":"https:\/\/lnx.wolfpacknet.com\/nerdopolis\/wp-json\/wp\/v2\/categories?post=198"},{"taxonomy":"post_tag","embeddable":true,"href":"https:\/\/lnx.wolfpacknet.com\/nerdopolis\/wp-json\/wp\/v2\/tags?post=198"}],"curies":[{"name":"wp","href":"https:\/\/api.w.org\/{rel}","templated":true}]}}